{"id":566,"date":"2011-02-02T19:44:29","date_gmt":"2011-02-02T16:44:29","guid":{"rendered":"http:\/\/www.ristinkilta.fi\/?p=566"},"modified":"2011-02-02T19:44:29","modified_gmt":"2011-02-02T16:44:29","slug":"kevatleiri-teekkaripaivat","status":"publish","type":"post","link":"https:\/\/www.ristinkilta.fi\/en\/2011\/kevatleiri-teekkaripaivat","title":{"rendered":"Kev\u00e4tleiri: Teekkarip\u00e4iv\u00e4t"},"content":{"rendered":"<p>Ristin killanlegendaarinen kev\u00e4tleiri on t\u00e4n\u00e4 vuonna my\u00f6s Teekkarip\u00e4iv\u00e4t: saamme osallistujia my\u00f6s Tampereelta ja Lappeenrannasta!<\/p>","protected":false},"excerpt":{"rendered":"<p>Ristin killanlegendaarinen kev\u00e4tleiri on t\u00e4n\u00e4 vuonna my\u00f6s Teekkarip\u00e4iv\u00e4t: saamme osallistujia my\u00f6s Tampereelta ja Lappeenrannasta!<\/p>","protected":false},"author":2,"featured_media":0,"comment_status":"closed","ping_status":"open","sticky":false,"template":"","format":"standard","meta":{"_links_to":"","_links_to_target":""},"categories":[5],"tags":[],"_links":{"self":[{"href":"https:\/\/www.ristinkilta.fi\/en\/wp-json\/wp\/v2\/posts\/566"}],"collection":[{"href":"https:\/\/www.ristinkilta.fi\/en\/wp-json\/wp\/v2\/posts"}],"about":[{"href":"https:\/\/www.ristinkilta.fi\/en\/wp-json\/wp\/v2\/types\/post"}],"author":[{"embeddable":true,"href":"https:\/\/www.ristinkilta.fi\/en\/wp-json\/wp\/v2\/users\/2"}],"replies":[{"embeddable":true,"href":"https:\/\/www.ristinkilta.fi\/en\/wp-json\/wp\/v2\/comments?post=566"}],"version-history":[{"count":1,"href":"https:\/\/www.ristinkilta.fi\/en\/wp-json\/wp\/v2\/posts\/566\/revisions"}],"predecessor-version":[{"id":567,"href":"https:\/\/www.ristinkilta.fi\/en\/wp-json\/wp\/v2\/posts\/566\/revisions\/567"}],"wp:attachment":[{"href":"https:\/\/www.ristinkilta.fi\/en\/wp-json\/wp\/v2\/media?parent=566"}],"wp:term":[{"taxonomy":"category","embeddable":true,"href":"https:\/\/www.ristinkilta.fi\/en\/wp-json\/wp\/v2\/categories?post=566"},{"taxonomy":"post_tag","embeddable":true,"href":"https:\/\/www.ristinkilta.fi\/en\/wp-json\/wp\/v2\/tags?post=566"}],"curies":[{"name":"wp","href":"https:\/\/api.w.org\/{rel}","templated":true}]}}