{"id":4287,"date":"2021-04-07T19:49:11","date_gmt":"2021-04-07T17:49:11","guid":{"rendered":"http:\/\/www.ristinkilta.fi\/?p=4287"},"modified":"2021-04-28T21:04:49","modified_gmt":"2021-04-28T19:04:49","slug":"kevatleiri2021","status":"publish","type":"post","link":"https:\/\/www.ristinkilta.fi\/en\/2021\/kevatleiri2021","title":{"rendered":"Kev\u00e4tleiri 2021"},"content":{"rendered":"<p>Kev\u00e4tleiri 2021 jouduttiin perumaan koronatilanteen vuoksi.<\/p>\n\n\n\n<p>Ristin killan kev\u00e4tleiri 2021 j\u00e4rjestet\u00e4\u00e4n Hvittorpin kurssikeskuksessa Kirkkonummella. L\u00e4hdemme Otaniemest\u00e4 linja-autolla perjantaina 14.5. noin klo 16.30 ja Hvittorpista paluukyyti l\u00e4htee noin klo 14 (ajat tarkentuvat my\u00f6hemmin).<\/p>\n\n\n\n<p>Lauantaina on leirille tulossa puhumaan l\u00e4hetysj\u00e4rjest\u00f6 Operaatio Mobilisaatiosta Arno Alajoki ja Spiros Vampoulas. Sen lis\u00e4ksi leirill\u00e4 on luvassa saunomista, maittavaa ruokaa, ulkopelej\u00e4, rentoa yhdess\u00e4oloa ynn\u00e4 muuta mukavaa leiritoimintaa.<\/p>\n\n\n\n<p>Kiltafuksit p\u00e4\u00e4sev\u00e4t puoleen hintaan, muille hinta tulee olemaan noin 50\u20ac.<\/p>\n\n\n\n<p>Koronavirustilanne:<\/p>\n\n\n\n<ul><li>Jos kaksi viikkoa ennen leiri\u00e4 (29.4.) koronarajoitukset eiv\u00e4t salli leirin j\u00e4rjest\u00e4mist\u00e4, se perutaan. Leiri voidaan perua sen my\u00f6s sen j\u00e4lkeen, mik\u00e4li rajoitukset muuttuvat.<\/li><li>Eth\u00e4n tule mukaan sairaana!<\/li><li>Jos leiri toteutuu, on siell\u00e4 ehdottoman t\u00e4rke\u00e4\u00e4 huolehtia hyv\u00e4st\u00e4 k\u00e4sihygieniasta!<\/li><\/ul>\n\n\n\n<p>Ilmoittautuminen sulkeutuu keskiviikkona 28.4.2021 klo 23.59.<\/p>\n\n\n\n<p>Jos on kysytt\u00e4v\u00e4\u00e4 tai haluat lis\u00e4tietoa, otathan yhteytt\u00e4:<br>Ville Puuri<br>050 3798700<br>etunimi.sukunimi (at) aalto.fi<\/p>\n\n\n\n<p><\/p>","protected":false},"excerpt":{"rendered":"<p>Kev\u00e4tleiri 2021 jouduttiin perumaan koronatilanteen vuoksi. Ristin killan kev\u00e4tleiri 2021 j\u00e4rjestet\u00e4\u00e4n Hvittorpin kurssikeskuksessa Kirkkonummella. L\u00e4hdemme Otaniemest\u00e4 linja-autolla perjantaina 14.5. noin klo 16.30 ja Hvittorpista paluukyyti l\u00e4htee noin klo 14 (ajat tarkentuvat my\u00f6hemmin). Lauantaina on leirille tulossa puhumaan l\u00e4hetysj\u00e4rjest\u00f6 Operaatio Mobilisaatiosta &hellip; <a href=\"https:\/\/www.ristinkilta.fi\/en\/2021\/kevatleiri2021\">Continue reading <span class=\"meta-nav\">&rarr;<\/span><\/a><\/p>","protected":false},"author":17,"featured_media":0,"comment_status":"closed","ping_status":"open","sticky":false,"template":"","format":"standard","meta":{"_links_to":"","_links_to_target":""},"categories":[16,5],"tags":[],"_links":{"self":[{"href":"https:\/\/www.ristinkilta.fi\/en\/wp-json\/wp\/v2\/posts\/4287"}],"collection":[{"href":"https:\/\/www.ristinkilta.fi\/en\/wp-json\/wp\/v2\/posts"}],"about":[{"href":"https:\/\/www.ristinkilta.fi\/en\/wp-json\/wp\/v2\/types\/post"}],"author":[{"embeddable":true,"href":"https:\/\/www.ristinkilta.fi\/en\/wp-json\/wp\/v2\/users\/17"}],"replies":[{"embeddable":true,"href":"https:\/\/www.ristinkilta.fi\/en\/wp-json\/wp\/v2\/comments?post=4287"}],"version-history":[{"count":4,"href":"https:\/\/www.ristinkilta.fi\/en\/wp-json\/wp\/v2\/posts\/4287\/revisions"}],"predecessor-version":[{"id":4360,"href":"https:\/\/www.ristinkilta.fi\/en\/wp-json\/wp\/v2\/posts\/4287\/revisions\/4360"}],"wp:attachment":[{"href":"https:\/\/www.ristinkilta.fi\/en\/wp-json\/wp\/v2\/media?parent=4287"}],"wp:term":[{"taxonomy":"category","embeddable":true,"href":"https:\/\/www.ristinkilta.fi\/en\/wp-json\/wp\/v2\/categories?post=4287"},{"taxonomy":"post_tag","embeddable":true,"href":"https:\/\/www.ristinkilta.fi\/en\/wp-json\/wp\/v2\/tags?post=4287"}],"curies":[{"name":"wp","href":"https:\/\/api.w.org\/{rel}","templated":true}]}}